{"id":10434,"date":"2024-12-05T20:08:26","date_gmt":"2024-12-05T10:08:26","guid":{"rendered":"https:\/\/www.plymouthbrethrenchristianchurch.org\/journee-internationale-des-volontaires\/"},"modified":"2024-12-05T20:08:26","modified_gmt":"2024-12-05T10:08:26","slug":"journee-internationale-des-volontaires","status":"publish","type":"post","link":"https:\/\/www.plymouthbrethrenchristianchurch.org\/fr\/journee-internationale-des-volontaires\/","title":{"rendered":"Journ\u00e9e internationale des volontaires"},"content":{"rendered":"<p>Le 5 d\u00e9cembre marque la <strong>Journ\u00e9e internationale des b\u00e9n\u00e9voles<\/strong>, et la Rapid Relief Team (RRT), la branche caritative de l\u2019\u00e9glise chr\u00e9tienne des Fr\u00e8res de Plymouth, a saisi cette occasion sp\u00e9ciale pour mettre en lumi\u00e8re les personnes incroyables qui font avancer leur mission avec soin et compassion.<\/p>\n<p>RRT compte <strong>14 500 b\u00e9n\u00e9voles des Fr\u00e8res de Plymouth dans 14 pays<\/strong>, ce qui constitue le c\u0153ur de tout ce que fait RRT. Leur d\u00e9vouement et leur travail d\u2019\u00e9quipe nous inspirent au quotidien. <\/p>\n<p>Cette ann\u00e9e, ils ont braqu\u00e9 les projecteurs sur les b\u00e9n\u00e9voles de notre communaut\u00e9 de l\u2019\u00c9glise, en capturant leurs exp\u00e9riences et leurs perspectives uniques.<\/p>\n<p>Dans cette vid\u00e9o, nos membres du monde entier partagent leurs histoires sur les raisons pour lesquelles le b\u00e9n\u00e9volat est si important.<\/p>\n<p><iframe loading=\"lazy\" title=\"RRT Acknowledges International Volunteer Day!\" width=\"640\" height=\"360\" src=\"https:\/\/www.youtube.com\/embed\/1IQC0JhwJWU?feature=oembed\" frameborder=\"0\" allow=\"accelerometer; autoplay; clipboard-write; encrypted-media; gyroscope; picture-in-picture; web-share\" referrerpolicy=\"strict-origin-when-cross-origin\" allowfullscreen><\/iframe><\/p>\n","protected":false},"excerpt":{"rendered":"<p>Le 5 d\u00e9cembre marque la Journ\u00e9e internationale des b\u00e9n\u00e9voles, et la Rapid Relief Team (RRT), la branche caritative de l\u2019\u00e9glise chr\u00e9tienne des Fr\u00e8res de Plymouth, a saisi cette occasion sp\u00e9ciale pour mettre en lumi\u00e8re les personnes incroyables qui font avancer leur mission avec soin et compassion. RRT compte 14 500 b\u00e9n\u00e9voles des Fr\u00e8res de Plymouth [&hellip;]<\/p>\n","protected":false},"author":17,"featured_media":8902,"comment_status":"closed","ping_status":"closed","sticky":false,"template":"","format":"standard","meta":{"_acf_changed":false,"_relevanssi_hide_post":"","_relevanssi_hide_content":"","_relevanssi_pin_for_all":"","_relevanssi_pin_keywords":"","_relevanssi_unpin_keywords":"","_relevanssi_related_keywords":"","_relevanssi_related_include_ids":"","_relevanssi_related_exclude_ids":"","_relevanssi_related_no_append":"","_relevanssi_related_not_related":"","_relevanssi_related_posts":"","_relevanssi_noindex_reason":"","inline_featured_image":false,"footnotes":""},"categories":[198],"tags":[201,330,259,228,381,200,225,226,199,227,203,202,224],"post-country":[161],"class_list":["post-10434","post","type-post","status-publish","format-standard","has-post-thumbnail","hentry","category-nouvelles","tag-benevoles","tag-bonte","tag-charite","tag-charite-des-freres-de-plymouth","tag-compassion-fr","tag-eglise-chretienne-des-freres-de-plymouth","tag-equipe-de-secours-rapide","tag-freres","tag-freres-charite","tag-le","tag-pbcc-fr","tag-soins-et-compassion","tag-valeurs-chretiennes","post-country-global"],"acf":{"post_page_video":""},"yoast_head":"<!-- This site is optimized with the Yoast SEO plugin v25.2 - https:\/\/yoast.com\/wordpress\/plugins\/seo\/ -->\n<title>Journ\u00e9e internationale des volontaires | Plymouth Brethren Christian Church<\/title>\n<meta name=\"description\" content=\"See Journ\u00e9e internationale des volontaires in full on the website of the Plymouth Brethren Christian Church, a fellowship based on the Holy Bible as the Word of God.\" \/>\n<meta name=\"robots\" content=\"index, follow, max-snippet:-1, max-image-preview:large, max-video-preview:-1\" \/>\n<link rel=\"canonical\" href=\"https:\/\/www.plymouthbrethrenchristianchurch.org\/fr\/journee-internationale-des-volontaires\/\" \/>\n<meta property=\"og:locale\" content=\"fr_FR\" \/>\n<meta property=\"og:type\" content=\"article\" \/>\n<meta property=\"og:title\" content=\"Journ\u00e9e internationale des volontaires | Plymouth Brethren Christian Church\" \/>\n<meta property=\"og:description\" content=\"See Journ\u00e9e internationale des volontaires in full on the website of the Plymouth Brethren Christian Church, a fellowship based on the Holy Bible as the Word of God.\" \/>\n<meta property=\"og:url\" content=\"https:\/\/www.plymouthbrethrenchristianchurch.org\/fr\/journee-internationale-des-volontaires\/\" \/>\n<meta property=\"og:site_name\" content=\"Plymouth Brethren Christian Church\" \/>\n<meta property=\"article:publisher\" content=\"https:\/\/www.facebook.com\/PlymouthBrethrenChristianChurch\" \/>\n<meta property=\"article:published_time\" content=\"2024-12-05T10:08:26+00:00\" \/>\n<meta property=\"og:image\" content=\"https:\/\/www.plymouthbrethrenchristianchurch.org\/wp-content\/uploads\/2024\/11\/IMG_0558.jpg\" \/>\n\t<meta property=\"og:image:width\" content=\"2048\" \/>\n\t<meta property=\"og:image:height\" content=\"1365\" \/>\n\t<meta property=\"og:image:type\" content=\"image\/jpeg\" \/>\n<meta name=\"author\" content=\"Adam Speed\" \/>\n<meta name=\"twitter:card\" content=\"summary_large_image\" \/>\n<meta name=\"twitter:label1\" content=\"\u00c9crit par\" \/>\n\t<meta name=\"twitter:data1\" content=\"Adam Speed\" \/>\n\t<meta name=\"twitter:label2\" content=\"Dur\u00e9e de lecture estim\u00e9e\" \/>\n\t<meta name=\"twitter:data2\" content=\"1 minute\" \/>\n<script type=\"application\/ld+json\" class=\"yoast-schema-graph\">{\"@context\":\"https:\/\/schema.org\",\"@graph\":[{\"@type\":\"Article\",\"@id\":\"https:\/\/www.plymouthbrethrenchristianchurch.org\/fr\/journee-internationale-des-volontaires\/#article\",\"isPartOf\":{\"@id\":\"https:\/\/www.plymouthbrethrenchristianchurch.org\/fr\/journee-internationale-des-volontaires\/\"},\"author\":{\"name\":\"Adam Speed\",\"@id\":\"https:\/\/www.plymouthbrethrenchristianchurch.org\/#\/schema\/person\/6b311650d970aa5531ba605ea9e905d0\"},\"headline\":\"Journ\u00e9e internationale des volontaires\",\"datePublished\":\"2024-12-05T10:08:26+00:00\",\"mainEntityOfPage\":{\"@id\":\"https:\/\/www.plymouthbrethrenchristianchurch.org\/fr\/journee-internationale-des-volontaires\/\"},\"wordCount\":157,\"publisher\":{\"@id\":\"https:\/\/www.plymouthbrethrenchristianchurch.org\/#organization\"},\"image\":{\"@id\":\"https:\/\/www.plymouthbrethrenchristianchurch.org\/fr\/journee-internationale-des-volontaires\/#primaryimage\"},\"thumbnailUrl\":\"https:\/\/www.plymouthbrethrenchristianchurch.org\/wp-content\/uploads\/2024\/11\/IMG_0558.jpg\",\"keywords\":[\"B\u00e9n\u00e9voles\",\"bont\u00e9\",\"charit\u00e9\",\"Charit\u00e9 des Fr\u00e8res de Plymouth\",\"compassion\",\"\u00c9glise chr\u00e9tienne des Fr\u00e8res de Plymouth\",\"\u00c9quipe de secours rapide\",\"Fr\u00e8res\",\"Fr\u00e8res Charit\u00e9\",\"Le\",\"PBCC\",\"Soins et compassion\",\"Valeurs chr\u00e9tiennes\"],\"articleSection\":[\"Nouvelles\"],\"inLanguage\":\"fr-FR\"},{\"@type\":\"WebPage\",\"@id\":\"https:\/\/www.plymouthbrethrenchristianchurch.org\/fr\/journee-internationale-des-volontaires\/\",\"url\":\"https:\/\/www.plymouthbrethrenchristianchurch.org\/fr\/journee-internationale-des-volontaires\/\",\"name\":\"Journ\u00e9e internationale des volontaires | Plymouth Brethren Christian Church\",\"isPartOf\":{\"@id\":\"https:\/\/www.plymouthbrethrenchristianchurch.org\/#website\"},\"primaryImageOfPage\":{\"@id\":\"https:\/\/www.plymouthbrethrenchristianchurch.org\/fr\/journee-internationale-des-volontaires\/#primaryimage\"},\"image\":{\"@id\":\"https:\/\/www.plymouthbrethrenchristianchurch.org\/fr\/journee-internationale-des-volontaires\/#primaryimage\"},\"thumbnailUrl\":\"https:\/\/www.plymouthbrethrenchristianchurch.org\/wp-content\/uploads\/2024\/11\/IMG_0558.jpg\",\"datePublished\":\"2024-12-05T10:08:26+00:00\",\"description\":\"See Journ\u00e9e internationale des volontaires in full on the website of the Plymouth Brethren Christian Church, a fellowship based on the Holy Bible as the Word of God.\",\"breadcrumb\":{\"@id\":\"https:\/\/www.plymouthbrethrenchristianchurch.org\/fr\/journee-internationale-des-volontaires\/#breadcrumb\"},\"inLanguage\":\"fr-FR\",\"potentialAction\":[{\"@type\":\"ReadAction\",\"target\":[\"https:\/\/www.plymouthbrethrenchristianchurch.org\/fr\/journee-internationale-des-volontaires\/\"]}]},{\"@type\":\"ImageObject\",\"inLanguage\":\"fr-FR\",\"@id\":\"https:\/\/www.plymouthbrethrenchristianchurch.org\/fr\/journee-internationale-des-volontaires\/#primaryimage\",\"url\":\"https:\/\/www.plymouthbrethrenchristianchurch.org\/wp-content\/uploads\/2024\/11\/IMG_0558.jpg\",\"contentUrl\":\"https:\/\/www.plymouthbrethrenchristianchurch.org\/wp-content\/uploads\/2024\/11\/IMG_0558.jpg\",\"width\":2048,\"height\":1365},{\"@type\":\"BreadcrumbList\",\"@id\":\"https:\/\/www.plymouthbrethrenchristianchurch.org\/fr\/journee-internationale-des-volontaires\/#breadcrumb\",\"itemListElement\":[{\"@type\":\"ListItem\",\"position\":1,\"name\":\"Home\",\"item\":\"https:\/\/www.plymouthbrethrenchristianchurch.org\/fr\/accueil\/\"},{\"@type\":\"ListItem\",\"position\":2,\"name\":\"Journ\u00e9e internationale des volontaires\"}]},{\"@type\":\"WebSite\",\"@id\":\"https:\/\/www.plymouthbrethrenchristianchurch.org\/#website\",\"url\":\"https:\/\/www.plymouthbrethrenchristianchurch.org\/\",\"name\":\"Plymouth Brethren Christian Church\",\"description\":\"\",\"publisher\":{\"@id\":\"https:\/\/www.plymouthbrethrenchristianchurch.org\/#organization\"},\"potentialAction\":[{\"@type\":\"SearchAction\",\"target\":{\"@type\":\"EntryPoint\",\"urlTemplate\":\"https:\/\/www.plymouthbrethrenchristianchurch.org\/?s={search_term_string}\"},\"query-input\":{\"@type\":\"PropertyValueSpecification\",\"valueRequired\":true,\"valueName\":\"search_term_string\"}}],\"inLanguage\":\"fr-FR\"},{\"@type\":\"Organization\",\"@id\":\"https:\/\/www.plymouthbrethrenchristianchurch.org\/#organization\",\"name\":\"Plymouth Brethren Christian Church\",\"url\":\"https:\/\/www.plymouthbrethrenchristianchurch.org\/\",\"logo\":{\"@type\":\"ImageObject\",\"inLanguage\":\"fr-FR\",\"@id\":\"https:\/\/www.plymouthbrethrenchristianchurch.org\/#\/schema\/logo\/image\/\",\"url\":\"https:\/\/www.plymouthbrethrenchristianchurch.org\/wp-content\/uploads\/2020\/05\/site-logo.svg\",\"contentUrl\":\"https:\/\/www.plymouthbrethrenchristianchurch.org\/wp-content\/uploads\/2020\/05\/site-logo.svg\",\"caption\":\"Plymouth Brethren Christian Church\"},\"image\":{\"@id\":\"https:\/\/www.plymouthbrethrenchristianchurch.org\/#\/schema\/logo\/image\/\"},\"sameAs\":[\"https:\/\/www.facebook.com\/PlymouthBrethrenChristianChurch\",\"https:\/\/www.youtube.com\/channel\/UC76fGueDJBbLvhs988yTBXQ\",\"https:\/\/www.pinterest.com.au\/plymouthbcc\/\"]},{\"@type\":\"Person\",\"@id\":\"https:\/\/www.plymouthbrethrenchristianchurch.org\/#\/schema\/person\/6b311650d970aa5531ba605ea9e905d0\",\"name\":\"Adam Speed\",\"image\":{\"@type\":\"ImageObject\",\"inLanguage\":\"fr-FR\",\"@id\":\"https:\/\/www.plymouthbrethrenchristianchurch.org\/#\/schema\/person\/image\/\",\"url\":\"https:\/\/secure.gravatar.com\/avatar\/45a201c54305cc2b55fb0027770b8179?s=96&d=mm&r=g\",\"contentUrl\":\"https:\/\/secure.gravatar.com\/avatar\/45a201c54305cc2b55fb0027770b8179?s=96&d=mm&r=g\",\"caption\":\"Adam Speed\"}}]}<\/script>\n<!-- \/ Yoast SEO plugin. -->","yoast_head_json":{"title":"Journ\u00e9e internationale des volontaires | Plymouth Brethren Christian Church","description":"See Journ\u00e9e internationale des volontaires in full on the website of the Plymouth Brethren Christian Church, a fellowship based on the Holy Bible as the Word of God.","robots":{"index":"index","follow":"follow","max-snippet":"max-snippet:-1","max-image-preview":"max-image-preview:large","max-video-preview":"max-video-preview:-1"},"canonical":"https:\/\/www.plymouthbrethrenchristianchurch.org\/fr\/journee-internationale-des-volontaires\/","og_locale":"fr_FR","og_type":"article","og_title":"Journ\u00e9e internationale des volontaires | Plymouth Brethren Christian Church","og_description":"See Journ\u00e9e internationale des volontaires in full on the website of the Plymouth Brethren Christian Church, a fellowship based on the Holy Bible as the Word of God.","og_url":"https:\/\/www.plymouthbrethrenchristianchurch.org\/fr\/journee-internationale-des-volontaires\/","og_site_name":"Plymouth Brethren Christian Church","article_publisher":"https:\/\/www.facebook.com\/PlymouthBrethrenChristianChurch","article_published_time":"2024-12-05T10:08:26+00:00","og_image":[{"width":2048,"height":1365,"url":"https:\/\/www.plymouthbrethrenchristianchurch.org\/wp-content\/uploads\/2024\/11\/IMG_0558.jpg","type":"image\/jpeg"}],"author":"Adam Speed","twitter_card":"summary_large_image","twitter_misc":{"\u00c9crit par":"Adam Speed","Dur\u00e9e de lecture estim\u00e9e":"1 minute"},"schema":{"@context":"https:\/\/schema.org","@graph":[{"@type":"Article","@id":"https:\/\/www.plymouthbrethrenchristianchurch.org\/fr\/journee-internationale-des-volontaires\/#article","isPartOf":{"@id":"https:\/\/www.plymouthbrethrenchristianchurch.org\/fr\/journee-internationale-des-volontaires\/"},"author":{"name":"Adam Speed","@id":"https:\/\/www.plymouthbrethrenchristianchurch.org\/#\/schema\/person\/6b311650d970aa5531ba605ea9e905d0"},"headline":"Journ\u00e9e internationale des volontaires","datePublished":"2024-12-05T10:08:26+00:00","mainEntityOfPage":{"@id":"https:\/\/www.plymouthbrethrenchristianchurch.org\/fr\/journee-internationale-des-volontaires\/"},"wordCount":157,"publisher":{"@id":"https:\/\/www.plymouthbrethrenchristianchurch.org\/#organization"},"image":{"@id":"https:\/\/www.plymouthbrethrenchristianchurch.org\/fr\/journee-internationale-des-volontaires\/#primaryimage"},"thumbnailUrl":"https:\/\/www.plymouthbrethrenchristianchurch.org\/wp-content\/uploads\/2024\/11\/IMG_0558.jpg","keywords":["B\u00e9n\u00e9voles","bont\u00e9","charit\u00e9","Charit\u00e9 des Fr\u00e8res de Plymouth","compassion","\u00c9glise chr\u00e9tienne des Fr\u00e8res de Plymouth","\u00c9quipe de secours rapide","Fr\u00e8res","Fr\u00e8res Charit\u00e9","Le","PBCC","Soins et compassion","Valeurs chr\u00e9tiennes"],"articleSection":["Nouvelles"],"inLanguage":"fr-FR"},{"@type":"WebPage","@id":"https:\/\/www.plymouthbrethrenchristianchurch.org\/fr\/journee-internationale-des-volontaires\/","url":"https:\/\/www.plymouthbrethrenchristianchurch.org\/fr\/journee-internationale-des-volontaires\/","name":"Journ\u00e9e internationale des volontaires | Plymouth Brethren Christian Church","isPartOf":{"@id":"https:\/\/www.plymouthbrethrenchristianchurch.org\/#website"},"primaryImageOfPage":{"@id":"https:\/\/www.plymouthbrethrenchristianchurch.org\/fr\/journee-internationale-des-volontaires\/#primaryimage"},"image":{"@id":"https:\/\/www.plymouthbrethrenchristianchurch.org\/fr\/journee-internationale-des-volontaires\/#primaryimage"},"thumbnailUrl":"https:\/\/www.plymouthbrethrenchristianchurch.org\/wp-content\/uploads\/2024\/11\/IMG_0558.jpg","datePublished":"2024-12-05T10:08:26+00:00","description":"See Journ\u00e9e internationale des volontaires in full on the website of the Plymouth Brethren Christian Church, a fellowship based on the Holy Bible as the Word of God.","breadcrumb":{"@id":"https:\/\/www.plymouthbrethrenchristianchurch.org\/fr\/journee-internationale-des-volontaires\/#breadcrumb"},"inLanguage":"fr-FR","potentialAction":[{"@type":"ReadAction","target":["https:\/\/www.plymouthbrethrenchristianchurch.org\/fr\/journee-internationale-des-volontaires\/"]}]},{"@type":"ImageObject","inLanguage":"fr-FR","@id":"https:\/\/www.plymouthbrethrenchristianchurch.org\/fr\/journee-internationale-des-volontaires\/#primaryimage","url":"https:\/\/www.plymouthbrethrenchristianchurch.org\/wp-content\/uploads\/2024\/11\/IMG_0558.jpg","contentUrl":"https:\/\/www.plymouthbrethrenchristianchurch.org\/wp-content\/uploads\/2024\/11\/IMG_0558.jpg","width":2048,"height":1365},{"@type":"BreadcrumbList","@id":"https:\/\/www.plymouthbrethrenchristianchurch.org\/fr\/journee-internationale-des-volontaires\/#breadcrumb","itemListElement":[{"@type":"ListItem","position":1,"name":"Home","item":"https:\/\/www.plymouthbrethrenchristianchurch.org\/fr\/accueil\/"},{"@type":"ListItem","position":2,"name":"Journ\u00e9e internationale des volontaires"}]},{"@type":"WebSite","@id":"https:\/\/www.plymouthbrethrenchristianchurch.org\/#website","url":"https:\/\/www.plymouthbrethrenchristianchurch.org\/","name":"Plymouth Brethren Christian Church","description":"","publisher":{"@id":"https:\/\/www.plymouthbrethrenchristianchurch.org\/#organization"},"potentialAction":[{"@type":"SearchAction","target":{"@type":"EntryPoint","urlTemplate":"https:\/\/www.plymouthbrethrenchristianchurch.org\/?s={search_term_string}"},"query-input":{"@type":"PropertyValueSpecification","valueRequired":true,"valueName":"search_term_string"}}],"inLanguage":"fr-FR"},{"@type":"Organization","@id":"https:\/\/www.plymouthbrethrenchristianchurch.org\/#organization","name":"Plymouth Brethren Christian Church","url":"https:\/\/www.plymouthbrethrenchristianchurch.org\/","logo":{"@type":"ImageObject","inLanguage":"fr-FR","@id":"https:\/\/www.plymouthbrethrenchristianchurch.org\/#\/schema\/logo\/image\/","url":"https:\/\/www.plymouthbrethrenchristianchurch.org\/wp-content\/uploads\/2020\/05\/site-logo.svg","contentUrl":"https:\/\/www.plymouthbrethrenchristianchurch.org\/wp-content\/uploads\/2020\/05\/site-logo.svg","caption":"Plymouth Brethren Christian Church"},"image":{"@id":"https:\/\/www.plymouthbrethrenchristianchurch.org\/#\/schema\/logo\/image\/"},"sameAs":["https:\/\/www.facebook.com\/PlymouthBrethrenChristianChurch","https:\/\/www.youtube.com\/channel\/UC76fGueDJBbLvhs988yTBXQ","https:\/\/www.pinterest.com.au\/plymouthbcc\/"]},{"@type":"Person","@id":"https:\/\/www.plymouthbrethrenchristianchurch.org\/#\/schema\/person\/6b311650d970aa5531ba605ea9e905d0","name":"Adam Speed","image":{"@type":"ImageObject","inLanguage":"fr-FR","@id":"https:\/\/www.plymouthbrethrenchristianchurch.org\/#\/schema\/person\/image\/","url":"https:\/\/secure.gravatar.com\/avatar\/45a201c54305cc2b55fb0027770b8179?s=96&d=mm&r=g","contentUrl":"https:\/\/secure.gravatar.com\/avatar\/45a201c54305cc2b55fb0027770b8179?s=96&d=mm&r=g","caption":"Adam Speed"}}]}},"_links":{"self":[{"href":"https:\/\/www.plymouthbrethrenchristianchurch.org\/fr\/wp-json\/wp\/v2\/posts\/10434"}],"collection":[{"href":"https:\/\/www.plymouthbrethrenchristianchurch.org\/fr\/wp-json\/wp\/v2\/posts"}],"about":[{"href":"https:\/\/www.plymouthbrethrenchristianchurch.org\/fr\/wp-json\/wp\/v2\/types\/post"}],"author":[{"embeddable":true,"href":"https:\/\/www.plymouthbrethrenchristianchurch.org\/fr\/wp-json\/wp\/v2\/users\/17"}],"replies":[{"embeddable":true,"href":"https:\/\/www.plymouthbrethrenchristianchurch.org\/fr\/wp-json\/wp\/v2\/comments?post=10434"}],"version-history":[{"count":0,"href":"https:\/\/www.plymouthbrethrenchristianchurch.org\/fr\/wp-json\/wp\/v2\/posts\/10434\/revisions"}],"wp:featuredmedia":[{"embeddable":true,"href":"https:\/\/www.plymouthbrethrenchristianchurch.org\/fr\/wp-json\/wp\/v2\/media\/8902"}],"wp:attachment":[{"href":"https:\/\/www.plymouthbrethrenchristianchurch.org\/fr\/wp-json\/wp\/v2\/media?parent=10434"}],"wp:term":[{"taxonomy":"category","embeddable":true,"href":"https:\/\/www.plymouthbrethrenchristianchurch.org\/fr\/wp-json\/wp\/v2\/categories?post=10434"},{"taxonomy":"post_tag","embeddable":true,"href":"https:\/\/www.plymouthbrethrenchristianchurch.org\/fr\/wp-json\/wp\/v2\/tags?post=10434"},{"taxonomy":"post-country","embeddable":true,"href":"https:\/\/www.plymouthbrethrenchristianchurch.org\/fr\/wp-json\/wp\/v2\/post-country?post=10434"}],"curies":[{"name":"wp","href":"https:\/\/api.w.org\/{rel}","templated":true}]}}