{"id":11427,"date":"2025-10-27T22:46:38","date_gmt":"2025-10-27T12:46:38","guid":{"rendered":"https:\/\/www.plymouthbrethrenchristianchurch.org\/?p=11427"},"modified":"2025-11-13T02:09:11","modified_gmt":"2025-11-12T16:09:11","slug":"gemenskapen-har-alltid-varit-en-viktig-del-av-mitt-liv-danny-doverstrom-om-att-vaxa-upp-i-plymouthbroderna","status":"publish","type":"post","link":"https:\/\/www.plymouthbrethrenchristianchurch.org\/sv\/gemenskapen-har-alltid-varit-en-viktig-del-av-mitt-liv-danny-doverstrom-om-att-vaxa-upp-i-plymouthbroderna\/","title":{"rendered":"\u201dGemenskapen har alltid varit en viktig del av mitt liv\u201d Danny Doverstr\u00f6m om att v\u00e4xa upp i Plymouthbr\u00f6derna"},"content":{"rendered":"<p><b><span data-contrast=\"auto\">Med tv\u00e5 f\u00f6r\u00e4ldrar och fyra syskon var det s\u00e4llan tyst i 29-\u00e5rige Danny Doverstr\u00f6ms barndomshus i Ljungby. Somrarna tillbringades vid n\u00e5gon av Sm\u00e5lands m\u00e5nga sj\u00f6ar tillsammans med familj och v\u00e4nner. En g\u00e5ng om \u00e5ret reste familjen dessutom till Storbritannien f\u00f6r att bes\u00f6ka sl\u00e4kten p\u00e5 mammans sida.<\/span><\/b><span data-ccp-props=\"{}\">\u00a0<\/span><\/p>\n<p><b><span data-contrast=\"auto\">\u2013 Vi var m\u00e5nga hemma, jag har tre \u00e4ldre syskon och en lillebror, s\u00e5 det var alltid n\u00e5got som p\u00e5gick. Den gemenskapen var en v\u00e4ldigt positiv del av min uppv\u00e4xt, p\u00e5 samma s\u00e4tt som gemenskapen i kyrkan \u00e4r en viktig del av mitt liv idag, s\u00e4ger Danny Doverstr\u00f6m.<\/span><\/b><span data-ccp-props=\"{}\">\u00a0<\/span><\/p>\n<p><span data-contrast=\"auto\">Barndomen beskriver Danny som trygg. Det fanns alltid v\u00e4nner och familj omkring honom, och fritiden fylldes av b\u00e5de lekar, cykelturer och sm\u00e5 projekt hemma.<\/span><span data-ccp-props=\"{}\">\u00a0<\/span><\/p>\n<p><span data-contrast=\"auto\">\u2013 Jag har alltid gillat att pyssla, snickra och h\u00e5lla p\u00e5 med olika saker. Min pappa \u00e4r v\u00e4ldigt h\u00e4ndig s\u00e5 jag l\u00e4rde mig mycket av honom. Vi hade ocks\u00e5 h\u00f6ns och kaniner, s\u00e5 det fanns alltid n\u00e5got att ta hand om.<\/span><span data-ccp-props=\"{}\">\u00a0<\/span><\/p>\n<p><span data-contrast=\"auto\">De f\u00f6rsta skol\u00e5ren tillbringade Danny p\u00e5 en liten kommunal skola i Ljungby. Han trivdes bra fr\u00e5n start och beskriver milj\u00f6n som trygg, med l\u00e4rare och klasskamrater d\u00e4r alla k\u00e4nde alla.<\/span><span data-ccp-props=\"{}\">\u00a0<\/span><\/p>\n<p><span data-contrast=\"auto\">\u2013 Jag var den enda fr\u00e5n kyrkan p\u00e5 min skola, men det var aldrig n\u00e5gra problem. Alla visste och accepterade det, och jag k\u00e4nde mig aldrig utanf\u00f6r.<\/span><span data-ccp-props=\"{}\">\u00a0<\/span><\/p>\n<p><span data-contrast=\"auto\">Efter gymnasiet b\u00f6rjade Danny arbeta i familjef\u00f6retaget som grundades f\u00f6r 70 \u00e5r sedan. D\u00e4r \u00e4r han kvar \u00e4n i dag, tio \u00e5r senare.<\/span><span data-ccp-props=\"{}\">\u00a0<\/span><\/p>\n<p><span data-contrast=\"auto\">\u2013 Jag trivs s\u00e5 pass bra h\u00e4r och ser ingen anledning att s\u00f6ka mig n\u00e5gon annanstans. Flera av mina syskon har tidigare arbetat i f\u00f6retaget och nu \u00e4r det jag och min lillebror som driver det vidare tillsammans med pappa.<\/span><span data-ccp-props=\"{}\">\u00a0<\/span><\/p>\n<p><b><span data-contrast=\"auto\">Tron och gemenskapen<\/span><\/b><span data-ccp-props=\"{}\">\u00a0<\/span><\/p>\n<p><span data-contrast=\"auto\">Att v\u00e4xa upp i Plymouthbr\u00f6derna beskriver Danny som n\u00e5got helt naturligt. Han upplevde ingen st\u00f6rre skillnad mot sina j\u00e4mn\u00e5riga, utan beskriver barndomen som v\u00e4ldigt lik andra barns.<\/span><span data-ccp-props=\"{}\">\u00a0<\/span><\/p>\n<p><span data-contrast=\"auto\">\u2013 Jag v\u00e4xte upp som vilken annan familj som helst. Ibland kunde m\u00e4nniskor fr\u00e5ga om min tro, men det blev aldrig en situation n\u00e5got som k\u00e4ndes obekv\u00e4m.<\/span><span data-ccp-props=\"{}\">\u00a0<\/span><\/p>\n<p><span data-contrast=\"auto\">N\u00e4r han blev \u00e4ldre reflekterade han \u00f6ver olika livsval, men han beskriver sj\u00e4lva tron som sj\u00e4lvklar och aldrig n\u00e5got han har tvivlat p\u00e5.<\/span><span data-ccp-props=\"{}\">\u00a0<\/span><\/p>\n<p><span data-contrast=\"auto\">\u2013 Jag har alltid trivts v\u00e4ldigt bra i kyrkan. Gemenskapen med familj och alla v\u00e4nner \u00e4r en stor del av mitt liv. Om jag t\u00e4nker p\u00e5 hur mitt liv skulle vara utanf\u00f6r kyrkan s\u00e5 kan jag inte se hur det skulle f\u00f6rb\u00e4ttras p\u00e5 n\u00e5got s\u00e4tt.<\/span><span data-ccp-props=\"{}\">\u00a0<\/span><\/p>\n<p><span data-contrast=\"auto\">Danny menar att de vanligaste f\u00f6rdomarna handlar om att Plymouthbr\u00f6derna skulle leva avsk\u00e4rmat och inte anv\u00e4nda modern teknik.<\/span><span data-ccp-props=\"{}\">\u00a0<\/span><\/p>\n<p><span data-contrast=\"auto\">\u2013 M\u00e5nga tror att vi lever helt bortkopplade fr\u00e5n samh\u00e4llet, att vi inte har datorer eller telefoner. Det st\u00e4mmer inte alls. Vi \u00e4r en del av det svenska samh\u00e4llet precis som alla andra, b\u00e5de privat och i yrkeslivet.<\/span><span data-ccp-props=\"{}\">\u00a0<\/span><\/p>\n<p><b><span data-contrast=\"auto\">Engagemang och framtid<\/span><\/b><span data-ccp-props=\"{}\">\u00a0<\/span><\/p>\n<p><span data-contrast=\"auto\">Vid sidan av arbetet l\u00e4gger Danny mycket tid p\u00e5 v\u00e4lg\u00f6renhet. I Rapid Relief Team, en organisation knuten till Plymouthbr\u00f6derna, har han en ledande roll i Ljungby och ansvarar f\u00f6r att planera och genomf\u00f6ra olika insatser.<\/span><span data-ccp-props=\"{}\">\u00a0<\/span><\/p>\n<p><span data-contrast=\"auto\">\u2013 Jag b\u00f6rjade med att hj\u00e4lpa till p\u00e5 olika event, och sedan blev det mer och mer. Nu ansvarar jag f\u00f6r teamet h\u00e4r lokalt, och det k\u00e4nns bra att kunna bidra med n\u00e5got utanf\u00f6r jobbet och familjen.<\/span><span data-ccp-props=\"{}\">\u00a0<\/span><\/p>\n<p><span data-contrast=\"auto\">N\u00e4r Danny blickar fram\u00e5t handlar det om att forts\u00e4tta utvecklas i jobbet och h\u00e5lla fast vid sitt engagemang i RRT.<\/span><span data-ccp-props=\"{}\">\u00a0<\/span><\/p>\n<p><span data-contrast=\"auto\">\u2013 Jag vill forts\u00e4tta utvecklas och g\u00f6ra skillnad f\u00f6r m\u00e4nniskor. Genom jobbet och RRT f\u00e5r jag m\u00f6jlighet att bidra p\u00e5 olika s\u00e4tt och det k\u00e4nns meningsfullt.<\/span><span data-ccp-props=\"{}\">\u00a0<\/span><\/p>\n","protected":false},"excerpt":{"rendered":"<p>Med tv\u00e5 f\u00f6r\u00e4ldrar och fyra syskon var det s\u00e4llan tyst i 29-\u00e5rige Danny Doverstr\u00f6ms barndomshus i Ljungby. Somrarna tillbringades vid n\u00e5gon av Sm\u00e5lands m\u00e5nga sj\u00f6ar tillsammans med familj och v\u00e4nner. En g\u00e5ng om \u00e5ret reste familjen dessutom till Storbritannien f\u00f6r att bes\u00f6ka sl\u00e4kten p\u00e5 mammans sida.\u00a0 \u2013 Vi var m\u00e5nga hemma, jag har tre \u00e4ldre [&hellip;]<\/p>\n","protected":false},"author":17,"featured_media":11428,"comment_status":"closed","ping_status":"closed","sticky":false,"template":"","format":"standard","meta":{"_acf_changed":false,"_relevanssi_hide_post":"","_relevanssi_hide_content":"","_relevanssi_pin_for_all":"","_relevanssi_pin_keywords":"","_relevanssi_unpin_keywords":"","_relevanssi_related_keywords":"","_relevanssi_related_include_ids":"","_relevanssi_related_exclude_ids":"","_relevanssi_related_no_append":"","_relevanssi_related_not_related":"","_relevanssi_related_posts":"","_relevanssi_noindex_reason":"","inline_featured_image":false,"footnotes":""},"categories":[232],"tags":[236,424,234],"post-country":[140],"class_list":["post-11427","post","type-post","status-publish","format-standard","has-post-thumbnail","hentry","category-nyheter","tag-broder-sv","tag-plymouthbrodernas","tag-plymouthbrodernas-kristna-kyrka","post-country-sweden"],"acf":{"post_page_video":""},"yoast_head":"<!-- This site is optimized with the Yoast SEO plugin v25.2 - https:\/\/yoast.com\/wordpress\/plugins\/seo\/ -->\n<title>\u201dGemenskapen har alltid varit en viktig del av mitt liv\u201d Danny Doverstr\u00f6m om att v\u00e4xa upp i Plymouthbr\u00f6derna | Plymouth Brethren Christian Church<\/title>\n<meta name=\"description\" content=\"See \u201dGemenskapen har alltid varit en viktig del av mitt liv\u201d Danny Doverstr\u00f6m om att v\u00e4xa upp i Plymouthbr\u00f6derna in full on the website of the Plymouth Brethren Christian Church, a fellowship based on the Holy Bible as the Word of God.\" \/>\n<meta name=\"robots\" content=\"index, follow, max-snippet:-1, max-image-preview:large, max-video-preview:-1\" \/>\n<link rel=\"canonical\" href=\"https:\/\/www.plymouthbrethrenchristianchurch.org\/sv\/gemenskapen-har-alltid-varit-en-viktig-del-av-mitt-liv-danny-doverstrom-om-att-vaxa-upp-i-plymouthbroderna\/\" \/>\n<meta property=\"og:locale\" content=\"sv_SE\" \/>\n<meta property=\"og:type\" content=\"article\" \/>\n<meta property=\"og:title\" content=\"\u201dGemenskapen har alltid varit en viktig del av mitt liv\u201d Danny Doverstr\u00f6m om att v\u00e4xa upp i Plymouthbr\u00f6derna | Plymouth Brethren Christian Church\" \/>\n<meta property=\"og:description\" content=\"See \u201dGemenskapen har alltid varit en viktig del av mitt liv\u201d Danny Doverstr\u00f6m om att v\u00e4xa upp i Plymouthbr\u00f6derna in full on the website of the Plymouth Brethren Christian Church, a fellowship based on the Holy Bible as the Word of God.\" \/>\n<meta property=\"og:url\" content=\"https:\/\/www.plymouthbrethrenchristianchurch.org\/sv\/gemenskapen-har-alltid-varit-en-viktig-del-av-mitt-liv-danny-doverstrom-om-att-vaxa-upp-i-plymouthbroderna\/\" \/>\n<meta property=\"og:site_name\" content=\"Plymouth Brethren Christian Church\" \/>\n<meta property=\"article:publisher\" content=\"https:\/\/www.facebook.com\/PlymouthBrethrenChristianChurch\" \/>\n<meta property=\"article:published_time\" content=\"2025-10-27T12:46:38+00:00\" \/>\n<meta property=\"article:modified_time\" content=\"2025-11-12T16:09:11+00:00\" \/>\n<meta property=\"og:image\" content=\"https:\/\/www.plymouthbrethrenchristianchurch.org\/wp-content\/uploads\/2025\/11\/Danny-Doverstrom-e1762951810827.jpg\" \/>\n\t<meta property=\"og:image:width\" content=\"1078\" \/>\n\t<meta property=\"og:image:height\" content=\"428\" \/>\n\t<meta property=\"og:image:type\" content=\"image\/jpeg\" \/>\n<meta name=\"author\" content=\"Adam Speed\" \/>\n<meta name=\"twitter:card\" content=\"summary_large_image\" \/>\n<meta name=\"twitter:label1\" content=\"Skriven av\" \/>\n\t<meta name=\"twitter:data1\" content=\"Adam Speed\" \/>\n\t<meta name=\"twitter:label2\" content=\"Ber\u00e4knad l\u00e4stid\" \/>\n\t<meta name=\"twitter:data2\" content=\"3 minuter\" \/>\n<script type=\"application\/ld+json\" class=\"yoast-schema-graph\">{\"@context\":\"https:\/\/schema.org\",\"@graph\":[{\"@type\":\"Article\",\"@id\":\"https:\/\/www.plymouthbrethrenchristianchurch.org\/sv\/gemenskapen-har-alltid-varit-en-viktig-del-av-mitt-liv-danny-doverstrom-om-att-vaxa-upp-i-plymouthbroderna\/#article\",\"isPartOf\":{\"@id\":\"https:\/\/www.plymouthbrethrenchristianchurch.org\/sv\/gemenskapen-har-alltid-varit-en-viktig-del-av-mitt-liv-danny-doverstrom-om-att-vaxa-upp-i-plymouthbroderna\/\"},\"author\":{\"name\":\"Adam Speed\",\"@id\":\"https:\/\/www.plymouthbrethrenchristianchurch.org\/#\/schema\/person\/6b311650d970aa5531ba605ea9e905d0\"},\"headline\":\"\u201dGemenskapen har alltid varit en viktig del av mitt liv\u201d Danny Doverstr\u00f6m om att v\u00e4xa upp i Plymouthbr\u00f6derna\",\"datePublished\":\"2025-10-27T12:46:38+00:00\",\"dateModified\":\"2025-11-12T16:09:11+00:00\",\"mainEntityOfPage\":{\"@id\":\"https:\/\/www.plymouthbrethrenchristianchurch.org\/sv\/gemenskapen-har-alltid-varit-en-viktig-del-av-mitt-liv-danny-doverstrom-om-att-vaxa-upp-i-plymouthbroderna\/\"},\"wordCount\":701,\"publisher\":{\"@id\":\"https:\/\/www.plymouthbrethrenchristianchurch.org\/#organization\"},\"image\":{\"@id\":\"https:\/\/www.plymouthbrethrenchristianchurch.org\/sv\/gemenskapen-har-alltid-varit-en-viktig-del-av-mitt-liv-danny-doverstrom-om-att-vaxa-upp-i-plymouthbroderna\/#primaryimage\"},\"thumbnailUrl\":\"https:\/\/www.plymouthbrethrenchristianchurch.org\/wp-content\/uploads\/2025\/11\/Danny-Doverstrom-e1762951810827.jpg\",\"keywords\":[\"Br\u00f6der\",\"Plymouthbr\u00f6dernas\",\"Plymouthbr\u00f6dernas kristna kyrka\"],\"articleSection\":[\"Nyheter\"],\"inLanguage\":\"sv-SE\"},{\"@type\":\"WebPage\",\"@id\":\"https:\/\/www.plymouthbrethrenchristianchurch.org\/sv\/gemenskapen-har-alltid-varit-en-viktig-del-av-mitt-liv-danny-doverstrom-om-att-vaxa-upp-i-plymouthbroderna\/\",\"url\":\"https:\/\/www.plymouthbrethrenchristianchurch.org\/sv\/gemenskapen-har-alltid-varit-en-viktig-del-av-mitt-liv-danny-doverstrom-om-att-vaxa-upp-i-plymouthbroderna\/\",\"name\":\"\u201dGemenskapen har alltid varit en viktig del av mitt liv\u201d Danny Doverstr\u00f6m om att v\u00e4xa upp i Plymouthbr\u00f6derna | Plymouth Brethren Christian Church\",\"isPartOf\":{\"@id\":\"https:\/\/www.plymouthbrethrenchristianchurch.org\/#website\"},\"primaryImageOfPage\":{\"@id\":\"https:\/\/www.plymouthbrethrenchristianchurch.org\/sv\/gemenskapen-har-alltid-varit-en-viktig-del-av-mitt-liv-danny-doverstrom-om-att-vaxa-upp-i-plymouthbroderna\/#primaryimage\"},\"image\":{\"@id\":\"https:\/\/www.plymouthbrethrenchristianchurch.org\/sv\/gemenskapen-har-alltid-varit-en-viktig-del-av-mitt-liv-danny-doverstrom-om-att-vaxa-upp-i-plymouthbroderna\/#primaryimage\"},\"thumbnailUrl\":\"https:\/\/www.plymouthbrethrenchristianchurch.org\/wp-content\/uploads\/2025\/11\/Danny-Doverstrom-e1762951810827.jpg\",\"datePublished\":\"2025-10-27T12:46:38+00:00\",\"dateModified\":\"2025-11-12T16:09:11+00:00\",\"description\":\"See \u201dGemenskapen har alltid varit en viktig del av mitt liv\u201d Danny Doverstr\u00f6m om att v\u00e4xa upp i Plymouthbr\u00f6derna in full on the website of the Plymouth Brethren Christian Church, a fellowship based on the Holy Bible as the Word of God.\",\"breadcrumb\":{\"@id\":\"https:\/\/www.plymouthbrethrenchristianchurch.org\/sv\/gemenskapen-har-alltid-varit-en-viktig-del-av-mitt-liv-danny-doverstrom-om-att-vaxa-upp-i-plymouthbroderna\/#breadcrumb\"},\"inLanguage\":\"sv-SE\",\"potentialAction\":[{\"@type\":\"ReadAction\",\"target\":[\"https:\/\/www.plymouthbrethrenchristianchurch.org\/sv\/gemenskapen-har-alltid-varit-en-viktig-del-av-mitt-liv-danny-doverstrom-om-att-vaxa-upp-i-plymouthbroderna\/\"]}]},{\"@type\":\"ImageObject\",\"inLanguage\":\"sv-SE\",\"@id\":\"https:\/\/www.plymouthbrethrenchristianchurch.org\/sv\/gemenskapen-har-alltid-varit-en-viktig-del-av-mitt-liv-danny-doverstrom-om-att-vaxa-upp-i-plymouthbroderna\/#primaryimage\",\"url\":\"https:\/\/www.plymouthbrethrenchristianchurch.org\/wp-content\/uploads\/2025\/11\/Danny-Doverstrom-e1762951810827.jpg\",\"contentUrl\":\"https:\/\/www.plymouthbrethrenchristianchurch.org\/wp-content\/uploads\/2025\/11\/Danny-Doverstrom-e1762951810827.jpg\",\"width\":1078,\"height\":428},{\"@type\":\"BreadcrumbList\",\"@id\":\"https:\/\/www.plymouthbrethrenchristianchurch.org\/sv\/gemenskapen-har-alltid-varit-en-viktig-del-av-mitt-liv-danny-doverstrom-om-att-vaxa-upp-i-plymouthbroderna\/#breadcrumb\",\"itemListElement\":[{\"@type\":\"ListItem\",\"position\":1,\"name\":\"Home\",\"item\":\"https:\/\/www.plymouthbrethrenchristianchurch.org\/sv\/hem\/\"},{\"@type\":\"ListItem\",\"position\":2,\"name\":\"\u201dGemenskapen har alltid varit en viktig del av mitt liv\u201d Danny Doverstr\u00f6m om att v\u00e4xa upp i Plymouthbr\u00f6derna\"}]},{\"@type\":\"WebSite\",\"@id\":\"https:\/\/www.plymouthbrethrenchristianchurch.org\/#website\",\"url\":\"https:\/\/www.plymouthbrethrenchristianchurch.org\/\",\"name\":\"Plymouth Brethren Christian Church\",\"description\":\"\",\"publisher\":{\"@id\":\"https:\/\/www.plymouthbrethrenchristianchurch.org\/#organization\"},\"potentialAction\":[{\"@type\":\"SearchAction\",\"target\":{\"@type\":\"EntryPoint\",\"urlTemplate\":\"https:\/\/www.plymouthbrethrenchristianchurch.org\/?s={search_term_string}\"},\"query-input\":{\"@type\":\"PropertyValueSpecification\",\"valueRequired\":true,\"valueName\":\"search_term_string\"}}],\"inLanguage\":\"sv-SE\"},{\"@type\":\"Organization\",\"@id\":\"https:\/\/www.plymouthbrethrenchristianchurch.org\/#organization\",\"name\":\"Plymouth Brethren Christian Church\",\"url\":\"https:\/\/www.plymouthbrethrenchristianchurch.org\/\",\"logo\":{\"@type\":\"ImageObject\",\"inLanguage\":\"sv-SE\",\"@id\":\"https:\/\/www.plymouthbrethrenchristianchurch.org\/#\/schema\/logo\/image\/\",\"url\":\"https:\/\/www.plymouthbrethrenchristianchurch.org\/wp-content\/uploads\/2020\/05\/site-logo.svg\",\"contentUrl\":\"https:\/\/www.plymouthbrethrenchristianchurch.org\/wp-content\/uploads\/2020\/05\/site-logo.svg\",\"caption\":\"Plymouth Brethren Christian Church\"},\"image\":{\"@id\":\"https:\/\/www.plymouthbrethrenchristianchurch.org\/#\/schema\/logo\/image\/\"},\"sameAs\":[\"https:\/\/www.facebook.com\/PlymouthBrethrenChristianChurch\",\"https:\/\/www.youtube.com\/channel\/UC76fGueDJBbLvhs988yTBXQ\",\"https:\/\/www.pinterest.com.au\/plymouthbcc\/\"]},{\"@type\":\"Person\",\"@id\":\"https:\/\/www.plymouthbrethrenchristianchurch.org\/#\/schema\/person\/6b311650d970aa5531ba605ea9e905d0\",\"name\":\"Adam Speed\",\"image\":{\"@type\":\"ImageObject\",\"inLanguage\":\"sv-SE\",\"@id\":\"https:\/\/www.plymouthbrethrenchristianchurch.org\/#\/schema\/person\/image\/\",\"url\":\"https:\/\/secure.gravatar.com\/avatar\/45a201c54305cc2b55fb0027770b8179?s=96&d=mm&r=g\",\"contentUrl\":\"https:\/\/secure.gravatar.com\/avatar\/45a201c54305cc2b55fb0027770b8179?s=96&d=mm&r=g\",\"caption\":\"Adam Speed\"}}]}<\/script>\n<!-- \/ Yoast SEO plugin. -->","yoast_head_json":{"title":"\u201dGemenskapen har alltid varit en viktig del av mitt liv\u201d Danny Doverstr\u00f6m om att v\u00e4xa upp i Plymouthbr\u00f6derna | Plymouth Brethren Christian Church","description":"See \u201dGemenskapen har alltid varit en viktig del av mitt liv\u201d Danny Doverstr\u00f6m om att v\u00e4xa upp i Plymouthbr\u00f6derna in full on the website of the Plymouth Brethren Christian Church, a fellowship based on the Holy Bible as the Word of God.","robots":{"index":"index","follow":"follow","max-snippet":"max-snippet:-1","max-image-preview":"max-image-preview:large","max-video-preview":"max-video-preview:-1"},"canonical":"https:\/\/www.plymouthbrethrenchristianchurch.org\/sv\/gemenskapen-har-alltid-varit-en-viktig-del-av-mitt-liv-danny-doverstrom-om-att-vaxa-upp-i-plymouthbroderna\/","og_locale":"sv_SE","og_type":"article","og_title":"\u201dGemenskapen har alltid varit en viktig del av mitt liv\u201d Danny Doverstr\u00f6m om att v\u00e4xa upp i Plymouthbr\u00f6derna | Plymouth Brethren Christian Church","og_description":"See \u201dGemenskapen har alltid varit en viktig del av mitt liv\u201d Danny Doverstr\u00f6m om att v\u00e4xa upp i Plymouthbr\u00f6derna in full on the website of the Plymouth Brethren Christian Church, a fellowship based on the Holy Bible as the Word of God.","og_url":"https:\/\/www.plymouthbrethrenchristianchurch.org\/sv\/gemenskapen-har-alltid-varit-en-viktig-del-av-mitt-liv-danny-doverstrom-om-att-vaxa-upp-i-plymouthbroderna\/","og_site_name":"Plymouth Brethren Christian Church","article_publisher":"https:\/\/www.facebook.com\/PlymouthBrethrenChristianChurch","article_published_time":"2025-10-27T12:46:38+00:00","article_modified_time":"2025-11-12T16:09:11+00:00","og_image":[{"width":1078,"height":428,"url":"https:\/\/www.plymouthbrethrenchristianchurch.org\/wp-content\/uploads\/2025\/11\/Danny-Doverstrom-e1762951810827.jpg","type":"image\/jpeg"}],"author":"Adam Speed","twitter_card":"summary_large_image","twitter_misc":{"Skriven av":"Adam Speed","Ber\u00e4knad l\u00e4stid":"3 minuter"},"schema":{"@context":"https:\/\/schema.org","@graph":[{"@type":"Article","@id":"https:\/\/www.plymouthbrethrenchristianchurch.org\/sv\/gemenskapen-har-alltid-varit-en-viktig-del-av-mitt-liv-danny-doverstrom-om-att-vaxa-upp-i-plymouthbroderna\/#article","isPartOf":{"@id":"https:\/\/www.plymouthbrethrenchristianchurch.org\/sv\/gemenskapen-har-alltid-varit-en-viktig-del-av-mitt-liv-danny-doverstrom-om-att-vaxa-upp-i-plymouthbroderna\/"},"author":{"name":"Adam Speed","@id":"https:\/\/www.plymouthbrethrenchristianchurch.org\/#\/schema\/person\/6b311650d970aa5531ba605ea9e905d0"},"headline":"\u201dGemenskapen har alltid varit en viktig del av mitt liv\u201d Danny Doverstr\u00f6m om att v\u00e4xa upp i Plymouthbr\u00f6derna","datePublished":"2025-10-27T12:46:38+00:00","dateModified":"2025-11-12T16:09:11+00:00","mainEntityOfPage":{"@id":"https:\/\/www.plymouthbrethrenchristianchurch.org\/sv\/gemenskapen-har-alltid-varit-en-viktig-del-av-mitt-liv-danny-doverstrom-om-att-vaxa-upp-i-plymouthbroderna\/"},"wordCount":701,"publisher":{"@id":"https:\/\/www.plymouthbrethrenchristianchurch.org\/#organization"},"image":{"@id":"https:\/\/www.plymouthbrethrenchristianchurch.org\/sv\/gemenskapen-har-alltid-varit-en-viktig-del-av-mitt-liv-danny-doverstrom-om-att-vaxa-upp-i-plymouthbroderna\/#primaryimage"},"thumbnailUrl":"https:\/\/www.plymouthbrethrenchristianchurch.org\/wp-content\/uploads\/2025\/11\/Danny-Doverstrom-e1762951810827.jpg","keywords":["Br\u00f6der","Plymouthbr\u00f6dernas","Plymouthbr\u00f6dernas kristna kyrka"],"articleSection":["Nyheter"],"inLanguage":"sv-SE"},{"@type":"WebPage","@id":"https:\/\/www.plymouthbrethrenchristianchurch.org\/sv\/gemenskapen-har-alltid-varit-en-viktig-del-av-mitt-liv-danny-doverstrom-om-att-vaxa-upp-i-plymouthbroderna\/","url":"https:\/\/www.plymouthbrethrenchristianchurch.org\/sv\/gemenskapen-har-alltid-varit-en-viktig-del-av-mitt-liv-danny-doverstrom-om-att-vaxa-upp-i-plymouthbroderna\/","name":"\u201dGemenskapen har alltid varit en viktig del av mitt liv\u201d Danny Doverstr\u00f6m om att v\u00e4xa upp i Plymouthbr\u00f6derna | Plymouth Brethren Christian Church","isPartOf":{"@id":"https:\/\/www.plymouthbrethrenchristianchurch.org\/#website"},"primaryImageOfPage":{"@id":"https:\/\/www.plymouthbrethrenchristianchurch.org\/sv\/gemenskapen-har-alltid-varit-en-viktig-del-av-mitt-liv-danny-doverstrom-om-att-vaxa-upp-i-plymouthbroderna\/#primaryimage"},"image":{"@id":"https:\/\/www.plymouthbrethrenchristianchurch.org\/sv\/gemenskapen-har-alltid-varit-en-viktig-del-av-mitt-liv-danny-doverstrom-om-att-vaxa-upp-i-plymouthbroderna\/#primaryimage"},"thumbnailUrl":"https:\/\/www.plymouthbrethrenchristianchurch.org\/wp-content\/uploads\/2025\/11\/Danny-Doverstrom-e1762951810827.jpg","datePublished":"2025-10-27T12:46:38+00:00","dateModified":"2025-11-12T16:09:11+00:00","description":"See \u201dGemenskapen har alltid varit en viktig del av mitt liv\u201d Danny Doverstr\u00f6m om att v\u00e4xa upp i Plymouthbr\u00f6derna in full on the website of the Plymouth Brethren Christian Church, a fellowship based on the Holy Bible as the Word of God.","breadcrumb":{"@id":"https:\/\/www.plymouthbrethrenchristianchurch.org\/sv\/gemenskapen-har-alltid-varit-en-viktig-del-av-mitt-liv-danny-doverstrom-om-att-vaxa-upp-i-plymouthbroderna\/#breadcrumb"},"inLanguage":"sv-SE","potentialAction":[{"@type":"ReadAction","target":["https:\/\/www.plymouthbrethrenchristianchurch.org\/sv\/gemenskapen-har-alltid-varit-en-viktig-del-av-mitt-liv-danny-doverstrom-om-att-vaxa-upp-i-plymouthbroderna\/"]}]},{"@type":"ImageObject","inLanguage":"sv-SE","@id":"https:\/\/www.plymouthbrethrenchristianchurch.org\/sv\/gemenskapen-har-alltid-varit-en-viktig-del-av-mitt-liv-danny-doverstrom-om-att-vaxa-upp-i-plymouthbroderna\/#primaryimage","url":"https:\/\/www.plymouthbrethrenchristianchurch.org\/wp-content\/uploads\/2025\/11\/Danny-Doverstrom-e1762951810827.jpg","contentUrl":"https:\/\/www.plymouthbrethrenchristianchurch.org\/wp-content\/uploads\/2025\/11\/Danny-Doverstrom-e1762951810827.jpg","width":1078,"height":428},{"@type":"BreadcrumbList","@id":"https:\/\/www.plymouthbrethrenchristianchurch.org\/sv\/gemenskapen-har-alltid-varit-en-viktig-del-av-mitt-liv-danny-doverstrom-om-att-vaxa-upp-i-plymouthbroderna\/#breadcrumb","itemListElement":[{"@type":"ListItem","position":1,"name":"Home","item":"https:\/\/www.plymouthbrethrenchristianchurch.org\/sv\/hem\/"},{"@type":"ListItem","position":2,"name":"\u201dGemenskapen har alltid varit en viktig del av mitt liv\u201d Danny Doverstr\u00f6m om att v\u00e4xa upp i Plymouthbr\u00f6derna"}]},{"@type":"WebSite","@id":"https:\/\/www.plymouthbrethrenchristianchurch.org\/#website","url":"https:\/\/www.plymouthbrethrenchristianchurch.org\/","name":"Plymouth Brethren Christian Church","description":"","publisher":{"@id":"https:\/\/www.plymouthbrethrenchristianchurch.org\/#organization"},"potentialAction":[{"@type":"SearchAction","target":{"@type":"EntryPoint","urlTemplate":"https:\/\/www.plymouthbrethrenchristianchurch.org\/?s={search_term_string}"},"query-input":{"@type":"PropertyValueSpecification","valueRequired":true,"valueName":"search_term_string"}}],"inLanguage":"sv-SE"},{"@type":"Organization","@id":"https:\/\/www.plymouthbrethrenchristianchurch.org\/#organization","name":"Plymouth Brethren Christian Church","url":"https:\/\/www.plymouthbrethrenchristianchurch.org\/","logo":{"@type":"ImageObject","inLanguage":"sv-SE","@id":"https:\/\/www.plymouthbrethrenchristianchurch.org\/#\/schema\/logo\/image\/","url":"https:\/\/www.plymouthbrethrenchristianchurch.org\/wp-content\/uploads\/2020\/05\/site-logo.svg","contentUrl":"https:\/\/www.plymouthbrethrenchristianchurch.org\/wp-content\/uploads\/2020\/05\/site-logo.svg","caption":"Plymouth Brethren Christian Church"},"image":{"@id":"https:\/\/www.plymouthbrethrenchristianchurch.org\/#\/schema\/logo\/image\/"},"sameAs":["https:\/\/www.facebook.com\/PlymouthBrethrenChristianChurch","https:\/\/www.youtube.com\/channel\/UC76fGueDJBbLvhs988yTBXQ","https:\/\/www.pinterest.com.au\/plymouthbcc\/"]},{"@type":"Person","@id":"https:\/\/www.plymouthbrethrenchristianchurch.org\/#\/schema\/person\/6b311650d970aa5531ba605ea9e905d0","name":"Adam Speed","image":{"@type":"ImageObject","inLanguage":"sv-SE","@id":"https:\/\/www.plymouthbrethrenchristianchurch.org\/#\/schema\/person\/image\/","url":"https:\/\/secure.gravatar.com\/avatar\/45a201c54305cc2b55fb0027770b8179?s=96&d=mm&r=g","contentUrl":"https:\/\/secure.gravatar.com\/avatar\/45a201c54305cc2b55fb0027770b8179?s=96&d=mm&r=g","caption":"Adam Speed"}}]}},"_links":{"self":[{"href":"https:\/\/www.plymouthbrethrenchristianchurch.org\/sv\/wp-json\/wp\/v2\/posts\/11427"}],"collection":[{"href":"https:\/\/www.plymouthbrethrenchristianchurch.org\/sv\/wp-json\/wp\/v2\/posts"}],"about":[{"href":"https:\/\/www.plymouthbrethrenchristianchurch.org\/sv\/wp-json\/wp\/v2\/types\/post"}],"author":[{"embeddable":true,"href":"https:\/\/www.plymouthbrethrenchristianchurch.org\/sv\/wp-json\/wp\/v2\/users\/17"}],"replies":[{"embeddable":true,"href":"https:\/\/www.plymouthbrethrenchristianchurch.org\/sv\/wp-json\/wp\/v2\/comments?post=11427"}],"version-history":[{"count":1,"href":"https:\/\/www.plymouthbrethrenchristianchurch.org\/sv\/wp-json\/wp\/v2\/posts\/11427\/revisions"}],"predecessor-version":[{"id":11435,"href":"https:\/\/www.plymouthbrethrenchristianchurch.org\/sv\/wp-json\/wp\/v2\/posts\/11427\/revisions\/11435"}],"wp:featuredmedia":[{"embeddable":true,"href":"https:\/\/www.plymouthbrethrenchristianchurch.org\/sv\/wp-json\/wp\/v2\/media\/11428"}],"wp:attachment":[{"href":"https:\/\/www.plymouthbrethrenchristianchurch.org\/sv\/wp-json\/wp\/v2\/media?parent=11427"}],"wp:term":[{"taxonomy":"category","embeddable":true,"href":"https:\/\/www.plymouthbrethrenchristianchurch.org\/sv\/wp-json\/wp\/v2\/categories?post=11427"},{"taxonomy":"post_tag","embeddable":true,"href":"https:\/\/www.plymouthbrethrenchristianchurch.org\/sv\/wp-json\/wp\/v2\/tags?post=11427"},{"taxonomy":"post-country","embeddable":true,"href":"https:\/\/www.plymouthbrethrenchristianchurch.org\/sv\/wp-json\/wp\/v2\/post-country?post=11427"}],"curies":[{"name":"wp","href":"https:\/\/api.w.org\/{rel}","templated":true}]}}