{"id":9756,"date":"2025-03-04T20:07:17","date_gmt":"2025-03-04T10:07:17","guid":{"rendered":"https:\/\/www.plymouthbrethrenchristianchurch.org\/?p=9756"},"modified":"2025-03-11T20:17:23","modified_gmt":"2025-03-11T10:17:23","slug":"kristen-staddag-i-kungsbacka-vart-satt-att-ge-tillbaka-till-samhallet","status":"publish","type":"post","link":"https:\/\/www.plymouthbrethrenchristianchurch.org\/sv\/kristen-staddag-i-kungsbacka-vart-satt-att-ge-tillbaka-till-samhallet\/","title":{"rendered":"Kristen st\u00e4ddag i Kungsbacka: \u201dV\u00e5rt s\u00e4tt att ge tillbaka till samh\u00e4llet\u201d"},"content":{"rendered":"<p><b><span data-contrast=\"auto\">I helgen som gick arrangerade medlemmar fr\u00e5n den kristna kyrkan Plymouthbr\u00f6derna en st\u00e4ddag i centrala Kungsbacka. Volont\u00e4rer fr\u00e5n f\u00f6rsamlingen plockade upp skr\u00e4p f\u00f6r att g\u00f6ra omr\u00e5det renare och mer v\u00e4lkomnande.<\/span><\/b><span data-ccp-props=\"{}\">\u00a0<\/span><\/p>\n<p><b><span data-contrast=\"auto\">\u2013 Vi fokuserar fr\u00e4mst p\u00e5 samlingsplatser och omr\u00e5den d\u00e4r m\u00e5nga m\u00e4nniskor r\u00f6r sig, som parker, g\u00e5ngv\u00e4gar och bussh\u00e5llplatser. Vi tar ocks\u00e5 emot f\u00f6rslag fr\u00e5n inv\u00e5nare som m\u00e4rker problemomr\u00e5den d\u00e4r det beh\u00f6vs en extra insats, ber\u00e4ttar David Skinner, projektledare hos Plymouthbr\u00f6derna.<\/span><\/b><span data-ccp-props=\"{}\">\u00a0<\/span><\/p>\n<p><span data-contrast=\"auto\">Initiativet \u00e4r en del av Plymouthbr\u00f6dernas arbete f\u00f6r att v\u00e5rda b\u00e5de milj\u00f6n och samh\u00e4llet. Kyrkan arrangerar kontinuerligt st\u00e4ddagar runt om i Sverige.\u00a0<\/span><span data-ccp-props=\"{}\">\u00a0<\/span><\/p>\n<p><span data-contrast=\"auto\">\u2013\u00a0 Vi tror att ta hand om v\u00e5r milj\u00f6 och v\u00e5rt n\u00e4rsamh\u00e4lle \u00e4r en del av att ta hand om varandra. Det h\u00e4r \u00e4r v\u00e5rt s\u00e4tt att ge tillbaka.<\/span><span data-ccp-props=\"{}\">\u00a0<\/span><\/p>\n<p><span data-contrast=\"auto\">De boende i omr\u00e5det visade under dagen sin uppskattning f\u00f6r st\u00e4dinsatsen. M\u00e5nga stannade till f\u00f6r att tacka och visa sitt st\u00f6d.<\/span><span data-ccp-props=\"{}\">\u00a0<\/span><\/p>\n<p><span data-contrast=\"auto\">\u2013 Samtidigt som det \u00e4r givande att g\u00f6ra n\u00e5got bra f\u00f6r samh\u00e4llet, s\u00e5 \u00e4r det ocks\u00e5 en bra m\u00f6jlighet f\u00f6r oss att bli bekanta med v\u00e5ra grannar och medm\u00e4nniskor, och visa vilka vi \u00e4r och att vi vill bidra till v\u00e5rt n\u00e4rsamh\u00e4lle.<\/span><span data-ccp-props=\"{}\">\u00a0<\/span><\/p>\n<p><span data-contrast=\"auto\">Kyrkan har redan planer p\u00e5 fler st\u00e4ddagar fram\u00f6ver.<\/span><span data-ccp-props=\"{}\">\u00a0<\/span><\/p>\n<p><span data-contrast=\"auto\">\u2013 M\u00e5let \u00e4r att g\u00f6ra det ungef\u00e4r en g\u00e5ng i m\u00e5naden. Det \u00e4r en h\u00e4rlig k\u00e4nsla att se vilken skillnad vi kan g\u00f6ra tillsammans p\u00e5 bara n\u00e5gra timmar.\u00a0<\/span><span data-ccp-props=\"{}\">\u00a0<\/span><\/p>\n","protected":false},"excerpt":{"rendered":"<p>I helgen som gick arrangerade medlemmar fr\u00e5n den kristna kyrkan Plymouthbr\u00f6derna en st\u00e4ddag i centrala Kungsbacka. Volont\u00e4rer fr\u00e5n f\u00f6rsamlingen plockade upp skr\u00e4p f\u00f6r att g\u00f6ra omr\u00e5det renare och mer v\u00e4lkomnande.\u00a0 \u2013 Vi fokuserar fr\u00e4mst p\u00e5 samlingsplatser och omr\u00e5den d\u00e4r m\u00e5nga m\u00e4nniskor r\u00f6r sig, som parker, g\u00e5ngv\u00e4gar och bussh\u00e5llplatser. Vi tar ocks\u00e5 emot f\u00f6rslag fr\u00e5n inv\u00e5nare [&hellip;]<\/p>\n","protected":false},"author":17,"featured_media":9757,"comment_status":"closed","ping_status":"closed","sticky":false,"template":"","format":"standard","meta":{"_acf_changed":false,"_relevanssi_hide_post":"","_relevanssi_hide_content":"","_relevanssi_pin_for_all":"","_relevanssi_pin_keywords":"","_relevanssi_unpin_keywords":"","_relevanssi_related_keywords":"","_relevanssi_related_include_ids":"","_relevanssi_related_exclude_ids":"","_relevanssi_related_no_append":"","_relevanssi_related_not_related":"","_relevanssi_related_posts":"","_relevanssi_noindex_reason":"","inline_featured_image":false,"footnotes":""},"categories":[232],"tags":[236,233,240,234,239],"post-country":[140],"class_list":["post-9756","post","type-post","status-publish","format-standard","has-post-thumbnail","hentry","category-nyheter","tag-broder-sv","tag-kristna-varderingar","tag-pbcc-pa-engelska","tag-plymouthbrodernas-kristna-kyrka","tag-plymouthbrodernas-valgorenhet","post-country-sweden"],"acf":{"post_page_video":""},"yoast_head":"<!-- This site is optimized with the Yoast SEO plugin v25.2 - https:\/\/yoast.com\/wordpress\/plugins\/seo\/ -->\n<title>Kristen st\u00e4ddag i Kungsbacka: \u201dV\u00e5rt s\u00e4tt att ge tillbaka till samh\u00e4llet\u201d | Plymouth Brethren Christian Church<\/title>\n<meta name=\"description\" content=\"See Kristen st\u00e4ddag i Kungsbacka: \u201dV\u00e5rt s\u00e4tt att ge tillbaka till samh\u00e4llet\u201d in full on the website of the Plymouth Brethren Christian Church, a fellowship based on the Holy Bible as the Word of God.\" \/>\n<meta name=\"robots\" content=\"index, follow, max-snippet:-1, max-image-preview:large, max-video-preview:-1\" \/>\n<link rel=\"canonical\" href=\"https:\/\/www.plymouthbrethrenchristianchurch.org\/sv\/kristen-staddag-i-kungsbacka-vart-satt-att-ge-tillbaka-till-samhallet\/\" \/>\n<meta property=\"og:locale\" content=\"sv_SE\" \/>\n<meta property=\"og:type\" content=\"article\" \/>\n<meta property=\"og:title\" content=\"Kristen st\u00e4ddag i Kungsbacka: \u201dV\u00e5rt s\u00e4tt att ge tillbaka till samh\u00e4llet\u201d | Plymouth Brethren Christian Church\" \/>\n<meta property=\"og:description\" content=\"See Kristen st\u00e4ddag i Kungsbacka: \u201dV\u00e5rt s\u00e4tt att ge tillbaka till samh\u00e4llet\u201d in full on the website of the Plymouth Brethren Christian Church, a fellowship based on the Holy Bible as the Word of God.\" \/>\n<meta property=\"og:url\" content=\"https:\/\/www.plymouthbrethrenchristianchurch.org\/sv\/kristen-staddag-i-kungsbacka-vart-satt-att-ge-tillbaka-till-samhallet\/\" \/>\n<meta property=\"og:site_name\" content=\"Plymouth Brethren Christian Church\" \/>\n<meta property=\"article:publisher\" content=\"https:\/\/www.facebook.com\/PlymouthBrethrenChristianChurch\" \/>\n<meta property=\"article:published_time\" content=\"2025-03-04T10:07:17+00:00\" \/>\n<meta property=\"article:modified_time\" content=\"2025-03-11T10:17:23+00:00\" \/>\n<meta property=\"og:image\" content=\"https:\/\/www.plymouthbrethrenchristianchurch.org\/wp-content\/uploads\/2025\/03\/Plymouthbroderna-scaled-e1741687772104.jpg\" \/>\n\t<meta property=\"og:image:width\" content=\"1932\" \/>\n\t<meta property=\"og:image:height\" content=\"624\" \/>\n\t<meta property=\"og:image:type\" content=\"image\/jpeg\" \/>\n<meta name=\"author\" content=\"Adam Speed\" \/>\n<meta name=\"twitter:card\" content=\"summary_large_image\" \/>\n<meta name=\"twitter:label1\" content=\"Skriven av\" \/>\n\t<meta name=\"twitter:data1\" content=\"Adam Speed\" \/>\n\t<meta name=\"twitter:label2\" content=\"Ber\u00e4knad l\u00e4stid\" \/>\n\t<meta name=\"twitter:data2\" content=\"2 minuter\" \/>\n<script type=\"application\/ld+json\" class=\"yoast-schema-graph\">{\"@context\":\"https:\/\/schema.org\",\"@graph\":[{\"@type\":\"Article\",\"@id\":\"https:\/\/www.plymouthbrethrenchristianchurch.org\/sv\/kristen-staddag-i-kungsbacka-vart-satt-att-ge-tillbaka-till-samhallet\/#article\",\"isPartOf\":{\"@id\":\"https:\/\/www.plymouthbrethrenchristianchurch.org\/sv\/kristen-staddag-i-kungsbacka-vart-satt-att-ge-tillbaka-till-samhallet\/\"},\"author\":{\"name\":\"Adam Speed\",\"@id\":\"https:\/\/www.plymouthbrethrenchristianchurch.org\/#\/schema\/person\/6b311650d970aa5531ba605ea9e905d0\"},\"headline\":\"Kristen st\u00e4ddag i Kungsbacka: \u201dV\u00e5rt s\u00e4tt att ge tillbaka till samh\u00e4llet\u201d\",\"datePublished\":\"2025-03-04T10:07:17+00:00\",\"dateModified\":\"2025-03-11T10:17:23+00:00\",\"mainEntityOfPage\":{\"@id\":\"https:\/\/www.plymouthbrethrenchristianchurch.org\/sv\/kristen-staddag-i-kungsbacka-vart-satt-att-ge-tillbaka-till-samhallet\/\"},\"wordCount\":302,\"publisher\":{\"@id\":\"https:\/\/www.plymouthbrethrenchristianchurch.org\/#organization\"},\"image\":{\"@id\":\"https:\/\/www.plymouthbrethrenchristianchurch.org\/sv\/kristen-staddag-i-kungsbacka-vart-satt-att-ge-tillbaka-till-samhallet\/#primaryimage\"},\"thumbnailUrl\":\"https:\/\/www.plymouthbrethrenchristianchurch.org\/wp-content\/uploads\/2025\/03\/Plymouthbroderna-scaled-e1741687772104.jpg\",\"keywords\":[\"Br\u00f6der\",\"Kristna v\u00e4rderingar\",\"PBCC (p\u00e5 engelska)\",\"Plymouthbr\u00f6dernas kristna kyrka\",\"Plymouthbr\u00f6dernas v\u00e4lg\u00f6renhet\"],\"articleSection\":[\"Nyheter\"],\"inLanguage\":\"sv-SE\"},{\"@type\":\"WebPage\",\"@id\":\"https:\/\/www.plymouthbrethrenchristianchurch.org\/sv\/kristen-staddag-i-kungsbacka-vart-satt-att-ge-tillbaka-till-samhallet\/\",\"url\":\"https:\/\/www.plymouthbrethrenchristianchurch.org\/sv\/kristen-staddag-i-kungsbacka-vart-satt-att-ge-tillbaka-till-samhallet\/\",\"name\":\"Kristen st\u00e4ddag i Kungsbacka: \u201dV\u00e5rt s\u00e4tt att ge tillbaka till samh\u00e4llet\u201d | Plymouth Brethren Christian Church\",\"isPartOf\":{\"@id\":\"https:\/\/www.plymouthbrethrenchristianchurch.org\/#website\"},\"primaryImageOfPage\":{\"@id\":\"https:\/\/www.plymouthbrethrenchristianchurch.org\/sv\/kristen-staddag-i-kungsbacka-vart-satt-att-ge-tillbaka-till-samhallet\/#primaryimage\"},\"image\":{\"@id\":\"https:\/\/www.plymouthbrethrenchristianchurch.org\/sv\/kristen-staddag-i-kungsbacka-vart-satt-att-ge-tillbaka-till-samhallet\/#primaryimage\"},\"thumbnailUrl\":\"https:\/\/www.plymouthbrethrenchristianchurch.org\/wp-content\/uploads\/2025\/03\/Plymouthbroderna-scaled-e1741687772104.jpg\",\"datePublished\":\"2025-03-04T10:07:17+00:00\",\"dateModified\":\"2025-03-11T10:17:23+00:00\",\"description\":\"See Kristen st\u00e4ddag i Kungsbacka: \u201dV\u00e5rt s\u00e4tt att ge tillbaka till samh\u00e4llet\u201d in full on the website of the Plymouth Brethren Christian Church, a fellowship based on the Holy Bible as the Word of God.\",\"breadcrumb\":{\"@id\":\"https:\/\/www.plymouthbrethrenchristianchurch.org\/sv\/kristen-staddag-i-kungsbacka-vart-satt-att-ge-tillbaka-till-samhallet\/#breadcrumb\"},\"inLanguage\":\"sv-SE\",\"potentialAction\":[{\"@type\":\"ReadAction\",\"target\":[\"https:\/\/www.plymouthbrethrenchristianchurch.org\/sv\/kristen-staddag-i-kungsbacka-vart-satt-att-ge-tillbaka-till-samhallet\/\"]}]},{\"@type\":\"ImageObject\",\"inLanguage\":\"sv-SE\",\"@id\":\"https:\/\/www.plymouthbrethrenchristianchurch.org\/sv\/kristen-staddag-i-kungsbacka-vart-satt-att-ge-tillbaka-till-samhallet\/#primaryimage\",\"url\":\"https:\/\/www.plymouthbrethrenchristianchurch.org\/wp-content\/uploads\/2025\/03\/Plymouthbroderna-scaled-e1741687772104.jpg\",\"contentUrl\":\"https:\/\/www.plymouthbrethrenchristianchurch.org\/wp-content\/uploads\/2025\/03\/Plymouthbroderna-scaled-e1741687772104.jpg\",\"width\":1932,\"height\":624},{\"@type\":\"BreadcrumbList\",\"@id\":\"https:\/\/www.plymouthbrethrenchristianchurch.org\/sv\/kristen-staddag-i-kungsbacka-vart-satt-att-ge-tillbaka-till-samhallet\/#breadcrumb\",\"itemListElement\":[{\"@type\":\"ListItem\",\"position\":1,\"name\":\"Home\",\"item\":\"https:\/\/www.plymouthbrethrenchristianchurch.org\/sv\/hem\/\"},{\"@type\":\"ListItem\",\"position\":2,\"name\":\"Kristen st\u00e4ddag i Kungsbacka: \u201dV\u00e5rt s\u00e4tt att ge tillbaka till samh\u00e4llet\u201d\"}]},{\"@type\":\"WebSite\",\"@id\":\"https:\/\/www.plymouthbrethrenchristianchurch.org\/#website\",\"url\":\"https:\/\/www.plymouthbrethrenchristianchurch.org\/\",\"name\":\"Plymouth Brethren Christian Church\",\"description\":\"\",\"publisher\":{\"@id\":\"https:\/\/www.plymouthbrethrenchristianchurch.org\/#organization\"},\"potentialAction\":[{\"@type\":\"SearchAction\",\"target\":{\"@type\":\"EntryPoint\",\"urlTemplate\":\"https:\/\/www.plymouthbrethrenchristianchurch.org\/?s={search_term_string}\"},\"query-input\":{\"@type\":\"PropertyValueSpecification\",\"valueRequired\":true,\"valueName\":\"search_term_string\"}}],\"inLanguage\":\"sv-SE\"},{\"@type\":\"Organization\",\"@id\":\"https:\/\/www.plymouthbrethrenchristianchurch.org\/#organization\",\"name\":\"Plymouth Brethren Christian Church\",\"url\":\"https:\/\/www.plymouthbrethrenchristianchurch.org\/\",\"logo\":{\"@type\":\"ImageObject\",\"inLanguage\":\"sv-SE\",\"@id\":\"https:\/\/www.plymouthbrethrenchristianchurch.org\/#\/schema\/logo\/image\/\",\"url\":\"https:\/\/www.plymouthbrethrenchristianchurch.org\/wp-content\/uploads\/2020\/05\/site-logo.svg\",\"contentUrl\":\"https:\/\/www.plymouthbrethrenchristianchurch.org\/wp-content\/uploads\/2020\/05\/site-logo.svg\",\"caption\":\"Plymouth Brethren Christian Church\"},\"image\":{\"@id\":\"https:\/\/www.plymouthbrethrenchristianchurch.org\/#\/schema\/logo\/image\/\"},\"sameAs\":[\"https:\/\/www.facebook.com\/PlymouthBrethrenChristianChurch\",\"https:\/\/www.youtube.com\/channel\/UC76fGueDJBbLvhs988yTBXQ\",\"https:\/\/www.pinterest.com.au\/plymouthbcc\/\"]},{\"@type\":\"Person\",\"@id\":\"https:\/\/www.plymouthbrethrenchristianchurch.org\/#\/schema\/person\/6b311650d970aa5531ba605ea9e905d0\",\"name\":\"Adam Speed\",\"image\":{\"@type\":\"ImageObject\",\"inLanguage\":\"sv-SE\",\"@id\":\"https:\/\/www.plymouthbrethrenchristianchurch.org\/#\/schema\/person\/image\/\",\"url\":\"https:\/\/secure.gravatar.com\/avatar\/45a201c54305cc2b55fb0027770b8179?s=96&d=mm&r=g\",\"contentUrl\":\"https:\/\/secure.gravatar.com\/avatar\/45a201c54305cc2b55fb0027770b8179?s=96&d=mm&r=g\",\"caption\":\"Adam Speed\"}}]}<\/script>\n<!-- \/ Yoast SEO plugin. -->","yoast_head_json":{"title":"Kristen st\u00e4ddag i Kungsbacka: \u201dV\u00e5rt s\u00e4tt att ge tillbaka till samh\u00e4llet\u201d | Plymouth Brethren Christian Church","description":"See Kristen st\u00e4ddag i Kungsbacka: \u201dV\u00e5rt s\u00e4tt att ge tillbaka till samh\u00e4llet\u201d in full on the website of the Plymouth Brethren Christian Church, a fellowship based on the Holy Bible as the Word of God.","robots":{"index":"index","follow":"follow","max-snippet":"max-snippet:-1","max-image-preview":"max-image-preview:large","max-video-preview":"max-video-preview:-1"},"canonical":"https:\/\/www.plymouthbrethrenchristianchurch.org\/sv\/kristen-staddag-i-kungsbacka-vart-satt-att-ge-tillbaka-till-samhallet\/","og_locale":"sv_SE","og_type":"article","og_title":"Kristen st\u00e4ddag i Kungsbacka: \u201dV\u00e5rt s\u00e4tt att ge tillbaka till samh\u00e4llet\u201d | Plymouth Brethren Christian Church","og_description":"See Kristen st\u00e4ddag i Kungsbacka: \u201dV\u00e5rt s\u00e4tt att ge tillbaka till samh\u00e4llet\u201d in full on the website of the Plymouth Brethren Christian Church, a fellowship based on the Holy Bible as the Word of God.","og_url":"https:\/\/www.plymouthbrethrenchristianchurch.org\/sv\/kristen-staddag-i-kungsbacka-vart-satt-att-ge-tillbaka-till-samhallet\/","og_site_name":"Plymouth Brethren Christian Church","article_publisher":"https:\/\/www.facebook.com\/PlymouthBrethrenChristianChurch","article_published_time":"2025-03-04T10:07:17+00:00","article_modified_time":"2025-03-11T10:17:23+00:00","og_image":[{"width":1932,"height":624,"url":"https:\/\/www.plymouthbrethrenchristianchurch.org\/wp-content\/uploads\/2025\/03\/Plymouthbroderna-scaled-e1741687772104.jpg","type":"image\/jpeg"}],"author":"Adam Speed","twitter_card":"summary_large_image","twitter_misc":{"Skriven av":"Adam Speed","Ber\u00e4knad l\u00e4stid":"2 minuter"},"schema":{"@context":"https:\/\/schema.org","@graph":[{"@type":"Article","@id":"https:\/\/www.plymouthbrethrenchristianchurch.org\/sv\/kristen-staddag-i-kungsbacka-vart-satt-att-ge-tillbaka-till-samhallet\/#article","isPartOf":{"@id":"https:\/\/www.plymouthbrethrenchristianchurch.org\/sv\/kristen-staddag-i-kungsbacka-vart-satt-att-ge-tillbaka-till-samhallet\/"},"author":{"name":"Adam Speed","@id":"https:\/\/www.plymouthbrethrenchristianchurch.org\/#\/schema\/person\/6b311650d970aa5531ba605ea9e905d0"},"headline":"Kristen st\u00e4ddag i Kungsbacka: \u201dV\u00e5rt s\u00e4tt att ge tillbaka till samh\u00e4llet\u201d","datePublished":"2025-03-04T10:07:17+00:00","dateModified":"2025-03-11T10:17:23+00:00","mainEntityOfPage":{"@id":"https:\/\/www.plymouthbrethrenchristianchurch.org\/sv\/kristen-staddag-i-kungsbacka-vart-satt-att-ge-tillbaka-till-samhallet\/"},"wordCount":302,"publisher":{"@id":"https:\/\/www.plymouthbrethrenchristianchurch.org\/#organization"},"image":{"@id":"https:\/\/www.plymouthbrethrenchristianchurch.org\/sv\/kristen-staddag-i-kungsbacka-vart-satt-att-ge-tillbaka-till-samhallet\/#primaryimage"},"thumbnailUrl":"https:\/\/www.plymouthbrethrenchristianchurch.org\/wp-content\/uploads\/2025\/03\/Plymouthbroderna-scaled-e1741687772104.jpg","keywords":["Br\u00f6der","Kristna v\u00e4rderingar","PBCC (p\u00e5 engelska)","Plymouthbr\u00f6dernas kristna kyrka","Plymouthbr\u00f6dernas v\u00e4lg\u00f6renhet"],"articleSection":["Nyheter"],"inLanguage":"sv-SE"},{"@type":"WebPage","@id":"https:\/\/www.plymouthbrethrenchristianchurch.org\/sv\/kristen-staddag-i-kungsbacka-vart-satt-att-ge-tillbaka-till-samhallet\/","url":"https:\/\/www.plymouthbrethrenchristianchurch.org\/sv\/kristen-staddag-i-kungsbacka-vart-satt-att-ge-tillbaka-till-samhallet\/","name":"Kristen st\u00e4ddag i Kungsbacka: \u201dV\u00e5rt s\u00e4tt att ge tillbaka till samh\u00e4llet\u201d | Plymouth Brethren Christian Church","isPartOf":{"@id":"https:\/\/www.plymouthbrethrenchristianchurch.org\/#website"},"primaryImageOfPage":{"@id":"https:\/\/www.plymouthbrethrenchristianchurch.org\/sv\/kristen-staddag-i-kungsbacka-vart-satt-att-ge-tillbaka-till-samhallet\/#primaryimage"},"image":{"@id":"https:\/\/www.plymouthbrethrenchristianchurch.org\/sv\/kristen-staddag-i-kungsbacka-vart-satt-att-ge-tillbaka-till-samhallet\/#primaryimage"},"thumbnailUrl":"https:\/\/www.plymouthbrethrenchristianchurch.org\/wp-content\/uploads\/2025\/03\/Plymouthbroderna-scaled-e1741687772104.jpg","datePublished":"2025-03-04T10:07:17+00:00","dateModified":"2025-03-11T10:17:23+00:00","description":"See Kristen st\u00e4ddag i Kungsbacka: \u201dV\u00e5rt s\u00e4tt att ge tillbaka till samh\u00e4llet\u201d in full on the website of the Plymouth Brethren Christian Church, a fellowship based on the Holy Bible as the Word of God.","breadcrumb":{"@id":"https:\/\/www.plymouthbrethrenchristianchurch.org\/sv\/kristen-staddag-i-kungsbacka-vart-satt-att-ge-tillbaka-till-samhallet\/#breadcrumb"},"inLanguage":"sv-SE","potentialAction":[{"@type":"ReadAction","target":["https:\/\/www.plymouthbrethrenchristianchurch.org\/sv\/kristen-staddag-i-kungsbacka-vart-satt-att-ge-tillbaka-till-samhallet\/"]}]},{"@type":"ImageObject","inLanguage":"sv-SE","@id":"https:\/\/www.plymouthbrethrenchristianchurch.org\/sv\/kristen-staddag-i-kungsbacka-vart-satt-att-ge-tillbaka-till-samhallet\/#primaryimage","url":"https:\/\/www.plymouthbrethrenchristianchurch.org\/wp-content\/uploads\/2025\/03\/Plymouthbroderna-scaled-e1741687772104.jpg","contentUrl":"https:\/\/www.plymouthbrethrenchristianchurch.org\/wp-content\/uploads\/2025\/03\/Plymouthbroderna-scaled-e1741687772104.jpg","width":1932,"height":624},{"@type":"BreadcrumbList","@id":"https:\/\/www.plymouthbrethrenchristianchurch.org\/sv\/kristen-staddag-i-kungsbacka-vart-satt-att-ge-tillbaka-till-samhallet\/#breadcrumb","itemListElement":[{"@type":"ListItem","position":1,"name":"Home","item":"https:\/\/www.plymouthbrethrenchristianchurch.org\/sv\/hem\/"},{"@type":"ListItem","position":2,"name":"Kristen st\u00e4ddag i Kungsbacka: \u201dV\u00e5rt s\u00e4tt att ge tillbaka till samh\u00e4llet\u201d"}]},{"@type":"WebSite","@id":"https:\/\/www.plymouthbrethrenchristianchurch.org\/#website","url":"https:\/\/www.plymouthbrethrenchristianchurch.org\/","name":"Plymouth Brethren Christian Church","description":"","publisher":{"@id":"https:\/\/www.plymouthbrethrenchristianchurch.org\/#organization"},"potentialAction":[{"@type":"SearchAction","target":{"@type":"EntryPoint","urlTemplate":"https:\/\/www.plymouthbrethrenchristianchurch.org\/?s={search_term_string}"},"query-input":{"@type":"PropertyValueSpecification","valueRequired":true,"valueName":"search_term_string"}}],"inLanguage":"sv-SE"},{"@type":"Organization","@id":"https:\/\/www.plymouthbrethrenchristianchurch.org\/#organization","name":"Plymouth Brethren Christian Church","url":"https:\/\/www.plymouthbrethrenchristianchurch.org\/","logo":{"@type":"ImageObject","inLanguage":"sv-SE","@id":"https:\/\/www.plymouthbrethrenchristianchurch.org\/#\/schema\/logo\/image\/","url":"https:\/\/www.plymouthbrethrenchristianchurch.org\/wp-content\/uploads\/2020\/05\/site-logo.svg","contentUrl":"https:\/\/www.plymouthbrethrenchristianchurch.org\/wp-content\/uploads\/2020\/05\/site-logo.svg","caption":"Plymouth Brethren Christian Church"},"image":{"@id":"https:\/\/www.plymouthbrethrenchristianchurch.org\/#\/schema\/logo\/image\/"},"sameAs":["https:\/\/www.facebook.com\/PlymouthBrethrenChristianChurch","https:\/\/www.youtube.com\/channel\/UC76fGueDJBbLvhs988yTBXQ","https:\/\/www.pinterest.com.au\/plymouthbcc\/"]},{"@type":"Person","@id":"https:\/\/www.plymouthbrethrenchristianchurch.org\/#\/schema\/person\/6b311650d970aa5531ba605ea9e905d0","name":"Adam Speed","image":{"@type":"ImageObject","inLanguage":"sv-SE","@id":"https:\/\/www.plymouthbrethrenchristianchurch.org\/#\/schema\/person\/image\/","url":"https:\/\/secure.gravatar.com\/avatar\/45a201c54305cc2b55fb0027770b8179?s=96&d=mm&r=g","contentUrl":"https:\/\/secure.gravatar.com\/avatar\/45a201c54305cc2b55fb0027770b8179?s=96&d=mm&r=g","caption":"Adam Speed"}}]}},"_links":{"self":[{"href":"https:\/\/www.plymouthbrethrenchristianchurch.org\/sv\/wp-json\/wp\/v2\/posts\/9756"}],"collection":[{"href":"https:\/\/www.plymouthbrethrenchristianchurch.org\/sv\/wp-json\/wp\/v2\/posts"}],"about":[{"href":"https:\/\/www.plymouthbrethrenchristianchurch.org\/sv\/wp-json\/wp\/v2\/types\/post"}],"author":[{"embeddable":true,"href":"https:\/\/www.plymouthbrethrenchristianchurch.org\/sv\/wp-json\/wp\/v2\/users\/17"}],"replies":[{"embeddable":true,"href":"https:\/\/www.plymouthbrethrenchristianchurch.org\/sv\/wp-json\/wp\/v2\/comments?post=9756"}],"version-history":[{"count":2,"href":"https:\/\/www.plymouthbrethrenchristianchurch.org\/sv\/wp-json\/wp\/v2\/posts\/9756\/revisions"}],"predecessor-version":[{"id":9765,"href":"https:\/\/www.plymouthbrethrenchristianchurch.org\/sv\/wp-json\/wp\/v2\/posts\/9756\/revisions\/9765"}],"wp:featuredmedia":[{"embeddable":true,"href":"https:\/\/www.plymouthbrethrenchristianchurch.org\/sv\/wp-json\/wp\/v2\/media\/9757"}],"wp:attachment":[{"href":"https:\/\/www.plymouthbrethrenchristianchurch.org\/sv\/wp-json\/wp\/v2\/media?parent=9756"}],"wp:term":[{"taxonomy":"category","embeddable":true,"href":"https:\/\/www.plymouthbrethrenchristianchurch.org\/sv\/wp-json\/wp\/v2\/categories?post=9756"},{"taxonomy":"post_tag","embeddable":true,"href":"https:\/\/www.plymouthbrethrenchristianchurch.org\/sv\/wp-json\/wp\/v2\/tags?post=9756"},{"taxonomy":"post-country","embeddable":true,"href":"https:\/\/www.plymouthbrethrenchristianchurch.org\/sv\/wp-json\/wp\/v2\/post-country?post=9756"}],"curies":[{"name":"wp","href":"https:\/\/api.w.org\/{rel}","templated":true}]}}